{"id":5553,"date":"2026-03-06T09:00:34","date_gmt":"2026-03-06T08:00:34","guid":{"rendered":"https:\/\/agirpourfalaise.com\/?p=5553"},"modified":"2026-03-06T08:31:23","modified_gmt":"2026-03-06T07:31:23","slug":"8-mars","status":"publish","type":"post","link":"https:\/\/agirpourfalaise.com\/index.php\/2026\/03\/06\/8-mars\/","title":{"rendered":"Le 8 mars, c\u2019est chaque jour !Ensemble, faisons de l\u2019\u00e9galit\u00e9 une r\u00e9alit\u00e9 \u00e0 Falaise"},"content":{"rendered":"\t\t<div data-elementor-type=\"wp-post\" data-elementor-id=\"5553\" class=\"elementor elementor-5553\">\n\t\t\t\t<div class=\"elementor-element elementor-element-c32bf7f e-flex e-con-boxed e-con e-parent\" data-id=\"c32bf7f\" data-element_type=\"container\" data-e-type=\"container\">\n\t\t\t\t\t<div class=\"e-con-inner\">\n\t\t\t\t<div class=\"elementor-element elementor-element-969252f elementor-widget elementor-widget-heading\" data-id=\"969252f\" data-element_type=\"widget\" data-e-type=\"widget\" data-widget_type=\"heading.default\">\n\t\t\t\t\t<h2 class=\"elementor-heading-title elementor-size-default\">Le 8 mars, c\u2019est chaque jour !Ensemble, faisons de l\u2019\u00e9galit\u00e9 une r\u00e9alit\u00e9 \u00e0 Falaise<\/h2>\t\t\t\t<\/div>\n\t\t\t\t\t<\/div>\n\t\t\t\t<\/div>\n\t\t<div class=\"elementor-element elementor-element-ca0139c e-flex e-con-boxed e-con e-parent\" data-id=\"ca0139c\" data-element_type=\"container\" data-e-type=\"container\">\n\t\t\t\t\t<div class=\"e-con-inner\">\n\t\t\t\t<div class=\"elementor-element elementor-element-a94601d elementor-widget elementor-widget-text-editor\" data-id=\"a94601d\" data-element_type=\"widget\" data-e-type=\"widget\" data-widget_type=\"text-editor.default\">\n\t\t\t\t\t\t\t\t\t<p>Ch\u00e8res Falaisiennes, chers Falaisiens,<\/p><p><strong>Le 8 mars, c\u2019est bien plus qu\u2019une date dans le calendrier<\/strong> : c\u2019est un rappel puissant que l\u2019<strong>\u00e9galit\u00e9 entre les femmes et les hommes<\/strong> doit \u00eatre au c\u0153ur de notre action quotidienne. En cette p\u00e9riode de campagne municipale, c\u2019est aussi l\u2019occasion de r\u00e9affirmer notre engagement pour une ville o\u00f9 chaque femme, chaque fille, peut vivre libre, en s\u00e9curit\u00e9 et avec les m\u00eames opportunit\u00e9s que les hommes.<\/p><p><strong>\u00c0 Falaise , nous voulons :<br \/><\/strong><br \/>\u2705 <strong>Garantir la s\u00e9curit\u00e9<\/strong> dans l\u2019espace public, avec des lieux \u00e9clair\u00e9s et une politique z\u00e9ro tol\u00e9rance envers les violences sexistes.<br \/>\u2705 <strong>Soutenir<\/strong> l\u2019autonomie \u00e9conomique des femmes, en facilitant l\u2019acc\u00e8s \u00e0 l\u2019emploi, \u00e0 la formation et \u00e0 l\u2019entrepreneuriat.<br \/>\u2705 <strong>Encourager la parit\u00e9 dans les instances d\u00e9cisionnelles<\/strong>, parce que les femmes doivent \u00eatre actrices des choix qui les concernent.<br \/>\u2705 <strong>Prot\u00e9ger les droits fondamentaux,<\/strong> en renfor\u00e7ant les structures d\u2019accueil et d\u2019\u00e9coute pour les femmes victimes de violences.<br \/>L\u2019\u00e9galit\u00e9, ce n\u2019est pas une promesse, c\u2019est une action. En cette Journ\u00e9e internationale des droits des femmes, rejoignez-nous pour construire une ville plus juste, plus solidaire, o\u00f9 chaque voix compte.<\/p><p><strong>Ensemble, agissons pour que le 8 mars soit chaque jour !<\/strong><\/p>\t\t\t\t\t\t\t\t<\/div>\n\t\t\t\t<div class=\"elementor-element elementor-element-becf482 elementor-widget elementor-widget-image\" data-id=\"becf482\" data-element_type=\"widget\" data-e-type=\"widget\" data-widget_type=\"image.default\">\n\t\t\t\t\t\t\t\t\t\t\t\t\t\t\t<img decoding=\"async\" width=\"204\" height=\"73\" src=\"https:\/\/agirpourfalaise.com\/wp-content\/uploads\/2026\/02\/Capture-decran-2026-02-18-193525.png\" class=\"attachment-medium_large size-medium_large wp-image-4455\" alt=\"\" \/>\t\t\t\t\t\t\t\t\t\t\t\t\t\t\t<\/div>\n\t\t\t\t\t<\/div>\n\t\t\t\t<\/div>\n\t\t\t\t<\/div>\n\t\t","protected":false},"excerpt":{"rendered":"<p>Le 8 mars, c\u2019est chaque jour !Ensemble, faisons de l\u2019\u00e9galit\u00e9 une r\u00e9alit\u00e9 \u00e0 Falaise Ch\u00e8res Falaisiennes, chers Falaisiens, Le 8 mars, c\u2019est bien plus qu\u2019une date dans le calendrier : [&hellip;]<\/p>\n","protected":false},"author":2,"featured_media":5284,"comment_status":"closed","ping_status":"open","sticky":false,"template":"","format":"standard","meta":{"_price":"","_stock":"","_tribe_ticket_header":"","_tribe_default_ticket_provider":"","_tribe_ticket_capacity":"0","_ticket_start_date":"","_ticket_end_date":"","_tribe_ticket_show_description":"","_tribe_ticket_show_not_going":false,"_tribe_ticket_use_global_stock":"","_tribe_ticket_global_stock_level":"","_global_stock_mode":"","_global_stock_cap":"","_tribe_rsvp_for_event":"","_tribe_ticket_going_count":"","_tribe_ticket_not_going_count":"","_tribe_tickets_list":"[]","_tribe_ticket_has_attendee_info_fields":false,"ocean_post_layout":"","ocean_both_sidebars_style":"","ocean_both_sidebars_content_width":0,"ocean_both_sidebars_sidebars_width":0,"ocean_sidebar":"","ocean_second_sidebar":"","ocean_disable_margins":"enable","ocean_add_body_class":"","ocean_shortcode_before_top_bar":"","ocean_shortcode_after_top_bar":"","ocean_shortcode_before_header":"","ocean_shortcode_after_header":"","ocean_has_shortcode":"","ocean_shortcode_after_title":"","ocean_shortcode_before_footer_widgets":"","ocean_shortcode_after_footer_widgets":"","ocean_shortcode_before_footer_bottom":"","ocean_shortcode_after_footer_bottom":"","ocean_display_top_bar":"default","ocean_display_header":"default","ocean_header_style":"","ocean_center_header_left_menu":"","ocean_custom_header_template":"","ocean_custom_logo":0,"ocean_custom_retina_logo":0,"ocean_custom_logo_max_width":0,"ocean_custom_logo_tablet_max_width":0,"ocean_custom_logo_mobile_max_width":0,"ocean_custom_logo_max_height":0,"ocean_custom_logo_tablet_max_height":0,"ocean_custom_logo_mobile_max_height":0,"ocean_header_custom_menu":"","ocean_menu_typo_font_family":"","ocean_menu_typo_font_subset":"","ocean_menu_typo_font_size":0,"ocean_menu_typo_font_size_tablet":0,"ocean_menu_typo_font_size_mobile":0,"ocean_menu_typo_font_size_unit":"px","ocean_menu_typo_font_weight":"","ocean_menu_typo_font_weight_tablet":"","ocean_menu_typo_font_weight_mobile":"","ocean_menu_typo_transform":"","ocean_menu_typo_transform_tablet":"","ocean_menu_typo_transform_mobile":"","ocean_menu_typo_line_height":0,"ocean_menu_typo_line_height_tablet":0,"ocean_menu_typo_line_height_mobile":0,"ocean_menu_typo_line_height_unit":"","ocean_menu_typo_spacing":0,"ocean_menu_typo_spacing_tablet":0,"ocean_menu_typo_spacing_mobile":0,"ocean_menu_typo_spacing_unit":"","ocean_menu_link_color":"","ocean_menu_link_color_hover":"","ocean_menu_link_color_active":"","ocean_menu_link_background":"","ocean_menu_link_hover_background":"","ocean_menu_link_active_background":"","ocean_menu_social_links_bg":"","ocean_menu_social_hover_links_bg":"","ocean_menu_social_links_color":"","ocean_menu_social_hover_links_color":"","ocean_disable_title":"default","ocean_disable_heading":"default","ocean_post_title":"","ocean_post_subheading":"","ocean_post_title_style":"","ocean_post_title_background_color":"","ocean_post_title_background":0,"ocean_post_title_bg_image_position":"","ocean_post_title_bg_image_attachment":"","ocean_post_title_bg_image_repeat":"","ocean_post_title_bg_image_size":"","ocean_post_title_height":0,"ocean_post_title_bg_overlay":0.5,"ocean_post_title_bg_overlay_color":"","ocean_disable_breadcrumbs":"default","ocean_breadcrumbs_color":"","ocean_breadcrumbs_separator_color":"","ocean_breadcrumbs_links_color":"","ocean_breadcrumbs_links_hover_color":"","ocean_display_footer_widgets":"default","ocean_display_footer_bottom":"default","ocean_custom_footer_template":"","omw_enable_modal_window":"enable","osh_disable_topbar_sticky":"default","osh_disable_header_sticky":"default","osh_sticky_header_style":"default","osh_sticky_header_effect":"","osh_custom_sticky_logo":0,"osh_custom_retina_sticky_logo":0,"osh_custom_sticky_logo_height":0,"osh_background_color":"","osh_links_color":"","osh_links_hover_color":"","osh_links_active_color":"","osh_links_bg_color":"","osh_links_hover_bg_color":"","osh_links_active_bg_color":"","osh_menu_social_links_color":"","osh_menu_social_hover_links_color":"","ocean_post_oembed":"","ocean_post_self_hosted_media":"","ocean_post_video_embed":"","ocean_link_format":"","ocean_link_format_target":"self","ocean_quote_format":"","ocean_quote_format_link":"post","ocean_gallery_link_images":"on","ocean_gallery_id":[],"footnotes":"","_tec_slr_enabled":"","_tec_slr_layout":""},"categories":[9],"tags":[],"class_list":["post-5553","post","type-post","status-publish","format-standard","has-post-thumbnail","hentry","category-nous-vous-informons","entry","has-media"],"ticketed":false,"_links":{"self":[{"href":"https:\/\/agirpourfalaise.com\/index.php\/wp-json\/wp\/v2\/posts\/5553","targetHints":{"allow":["GET"]}}],"collection":[{"href":"https:\/\/agirpourfalaise.com\/index.php\/wp-json\/wp\/v2\/posts"}],"about":[{"href":"https:\/\/agirpourfalaise.com\/index.php\/wp-json\/wp\/v2\/types\/post"}],"author":[{"embeddable":true,"href":"https:\/\/agirpourfalaise.com\/index.php\/wp-json\/wp\/v2\/users\/2"}],"replies":[{"embeddable":true,"href":"https:\/\/agirpourfalaise.com\/index.php\/wp-json\/wp\/v2\/comments?post=5553"}],"version-history":[{"count":16,"href":"https:\/\/agirpourfalaise.com\/index.php\/wp-json\/wp\/v2\/posts\/5553\/revisions"}],"predecessor-version":[{"id":5569,"href":"https:\/\/agirpourfalaise.com\/index.php\/wp-json\/wp\/v2\/posts\/5553\/revisions\/5569"}],"wp:featuredmedia":[{"embeddable":true,"href":"https:\/\/agirpourfalaise.com\/index.php\/wp-json\/wp\/v2\/media\/5284"}],"wp:attachment":[{"href":"https:\/\/agirpourfalaise.com\/index.php\/wp-json\/wp\/v2\/media?parent=5553"}],"wp:term":[{"taxonomy":"category","embeddable":true,"href":"https:\/\/agirpourfalaise.com\/index.php\/wp-json\/wp\/v2\/categories?post=5553"},{"taxonomy":"post_tag","embeddable":true,"href":"https:\/\/agirpourfalaise.com\/index.php\/wp-json\/wp\/v2\/tags?post=5553"}],"curies":[{"name":"wp","href":"https:\/\/api.w.org\/{rel}","templated":true}]}}